{"id":7418,"date":"2019-09-02T21:31:06","date_gmt":"2019-09-02T19:31:06","guid":{"rendered":"http:\/\/www.tinto.de\/tipps\/?p=7418"},"modified":"2025-11-30T08:05:59","modified_gmt":"2025-11-30T07:05:59","slug":"fake-pflanzenbilder-in-online-shops-und-katalogen-tulpen-stauden-geholze-gemusesorten-nicht-wie-bestellt","status":"publish","type":"post","link":"http:\/\/www.tinto.de\/tipps\/fake-pflanzenbilder-in-online-shops-und-katalogen-tulpen-stauden-geholze-gemusesorten-nicht-wie-bestellt\/","title":{"rendered":"Fake-Pflanzenbilder in Online-Shops und Katalogen? Wenn Tulpen, Stauden, Geh\u00f6lze und Gem\u00fcsesorten anders aussehen als bestellt"},"content":{"rendered":"\n<img decoding=\"async\" loading=\"lazy\" width=\"1\" height=\"1\" style=\"border:none; float:right; padding:5px;\" alt=\"\" src=\"http:\/\/vg04.met.vgwort.de\/na\/dd03f407004b4fe0a898d78b5bfdf3ba\"><strong>Manchmal bekommt man nicht die Pflanzen, die man bestellt hat. Aber manchmal glaubt man auch nur, dass das Falsche geliefert wurde. Von Irrt\u00fcmern bei Blumenzwiebeln (falsche Farbe), Rosen (andere Eigenschaften), Gr\u00e4sern (falsche Art), Purpur-Sonnenhut, Auberginen- und Chilisorten.<\/strong>\n\n\n\n<figure class=\"wp-block-image\"><img decoding=\"async\" loading=\"lazy\" width=\"400\" height=\"648\" src=\"http:\/\/www.tinto.de\/tipps\/wp-content\/uploads\/2019\/09\/20121018-Stauden-Lieferung-Verpackung-Heu-006-400x.jpg\" alt=\"\" class=\"wp-image-7419\" srcset=\"http:\/\/www.tinto.de\/tipps\/wp-content\/uploads\/2019\/09\/20121018-Stauden-Lieferung-Verpackung-Heu-006-400x.jpg 400w, http:\/\/www.tinto.de\/tipps\/wp-content\/uploads\/2019\/09\/20121018-Stauden-Lieferung-Verpackung-Heu-006-400x-185x300.jpg 185w\" sizes=\"(max-width: 400px) 100vw, 400px\" \/><figcaption class=\"wp-element-caption\">Stauden und Geh\u00f6lze werden meist ohne Bl\u00fcten geliefert. Ob die gelieferten Sorten die sind, die man bestellt hat und die auf dem Etikett und Lieferschein genannt werden, merkt man oft erst viele Monate sp\u00e4ter. <\/figcaption><\/figure>\n\n\n\n<p>Wenn man die im Katalog oder Online-Shop bestellten <a aria-label=\"Blumenzwiebeln (\u00f6ffnet in neuem Tab)\" href=\"http:\/\/www.hobbygarten.de\/gartengestaltung\/blumenzwiebeln\/index.htm\" target=\"_blank\" rel=\"noreferrer noopener\">Blumenzwiebeln<\/a>, <a aria-label=\"Stauden (\u00f6ffnet in neuem Tab)\" href=\"http:\/\/www.hobbygarten.de\/gartengestaltung\/gartenstauden\/index.htm\" target=\"_blank\" rel=\"noreferrer noopener\">Stauden<\/a>, <a aria-label=\"Str\u00e4ucher (\u00f6ffnet in neuem Tab)\" href=\"http:\/\/www.hobbygarten.de\/gartengestaltung\/hecke-rankgitter-sichtschutz\/index.htm\" target=\"_blank\" rel=\"noreferrer noopener\">Str\u00e4ucher<\/a> und anderes im Herbst pflanzt, sind diese meist im Ruhezustand und\/oder f\u00fcr einen unproblematischen Transport und die Pflanzung zur\u00fcckgeschnitten. Man pr\u00fcft, ob Lieferschein und Etiketten die bestellten Sorten nennen, und muss sich dann darauf verlassen. Ob es sich tats\u00e4chlich um die gew\u00fcnschten Sorten handelt und ob sie auch so aussehen, wie sie im Katalog oder im Online-Shop abgebildet waren, wird man oft erst Monate sp\u00e4ter feststellen k\u00f6nnen. <\/p>\n\n\n\n<!-- Werbung--->\n<p>\n<span style=\"font-size: small;\">Anzeige<\/span><br \/>\n<!-- START ADVERTISER: Baumschule-Horstmann DE from awin.com -->\n<a href=\"https:\/\/www.awin1.com\/cread.php?s=2081667&#038;v=9329&#038;q=327608&#038;r=548507\">\n    <img decoding=\"async\" src=\"https:\/\/www.awin1.com\/cshow.php?s=2081667&#038;v=9329&#038;q=327608&#038;r=548507\" border=\"0\">\n<\/a>\n<!-- END ADVERTISER: Baumschule-Horstmann DE from awin.com -->\n<\/p>\n<br \/>\n\n\n\n<h2>Sind Blumenzwiebeln wie \u00dcberraschungseier?<\/h2>\n\n\n\n<p>Bei Tulpen habe ich schon mehrmals die Erfahrung gemacht, dass die Sorten nach dem Aufbl\u00fchen farblich v\u00f6llig anders aussahen, als ich aufgrund der Abbildung bei meiner Bestellung erwartet hatte. Ich habe sogar einmal etwas entt\u00e4uscht \u00fcber meine &#8222;\u00dcberraschungseier&#8220; in meinem <a href=\"https:\/\/verbrauchermeinung.blogspot.com\/2013\/04\/blumenzwiebelkauf-unliebsame.html\" target=\"_blank\" rel=\"noreferrer noopener\">Verbrauchermeinungsblog<\/a> geschrieben.<\/p>\n\n\n\n<p>Damals habe ich mich f\u00fcr einen kurzen Moment gefragt, ob die Abbildung mit den &#8222;falschen&#8220; Bl\u00fctenfarben eine bewusste T\u00e4uschung des Anbieters im Internet war und ob die Farben im Bild bearbeitet (retuschiert\/photoshopped) worden waren. Allerdings habe ich im Laufe der Jahre vor allem durch das Fotografieren gelernt, dass Bl\u00fctenfarben im wirklichen Leben und entsprechend auf einem Foto jede Minute anders aussehen k\u00f6nnen.<\/p>\n\n\n\n<p>Die folgenden Bildausschnitte der lilienbl\u00fctigen Tulpensorte &#8218;Ballerina&#8216; wurden mit einer Canon EOS 300D Digital fotografiert. Nur die Bildgr\u00f6\u00dfe wurde bearbeitet, nicht die Farben. Trotzdem sieht die Bl\u00fcte und ihre Bl\u00fctenfarbe auf jedem Bild anders aus.<\/p>\n\n\n\n<figure class=\"wp-block-image\"><img decoding=\"async\" loading=\"lazy\" width=\"400\" height=\"344\" src=\"http:\/\/www.tinto.de\/tipps\/wp-content\/uploads\/2019\/09\/Tulpen-1-Fotografie-Canon-EOS-300D-Mittags-E32014-orange-Ballerina-036-400x.jpg\" alt=\"\" class=\"wp-image-7420\" srcset=\"http:\/\/www.tinto.de\/tipps\/wp-content\/uploads\/2019\/09\/Tulpen-1-Fotografie-Canon-EOS-300D-Mittags-E32014-orange-Ballerina-036-400x.jpg 400w, http:\/\/www.tinto.de\/tipps\/wp-content\/uploads\/2019\/09\/Tulpen-1-Fotografie-Canon-EOS-300D-Mittags-E32014-orange-Ballerina-036-400x-300x258.jpg 300w\" sizes=\"(max-width: 400px) 100vw, 400px\" \/><figcaption class=\"wp-element-caption\">Tulpe &#8218;Ballerina&#8216; mittags bei Sonne<\/figcaption><\/figure>\n\n\n\n<figure class=\"wp-block-image\"><img decoding=\"async\" loading=\"lazy\" width=\"400\" height=\"430\" src=\"http:\/\/www.tinto.de\/tipps\/wp-content\/uploads\/2019\/09\/Tulpen-2-Fotografie-Canon-EOS-300D-Abends-M42015-Ballerina-018.jpg\" alt=\"\" class=\"wp-image-7421\" srcset=\"http:\/\/www.tinto.de\/tipps\/wp-content\/uploads\/2019\/09\/Tulpen-2-Fotografie-Canon-EOS-300D-Abends-M42015-Ballerina-018.jpg 400w, http:\/\/www.tinto.de\/tipps\/wp-content\/uploads\/2019\/09\/Tulpen-2-Fotografie-Canon-EOS-300D-Abends-M42015-Ballerina-018-279x300.jpg 279w\" sizes=\"(max-width: 400px) 100vw, 400px\" \/><figcaption class=\"wp-element-caption\">Tulpe &#8218;Ballerina&#8216; abends bei Bew\u00f6lkung<\/figcaption><\/figure>\n\n\n\n<figure class=\"wp-block-image\"><img decoding=\"async\" loading=\"lazy\" width=\"400\" height=\"565\" src=\"http:\/\/www.tinto.de\/tipps\/wp-content\/uploads\/2019\/09\/Tulpen-3-Fotografie-Canon-EOS-300D-Abends-M42015-Ballerina-010-ausschnitt-400x.jpg\" alt=\"\" class=\"wp-image-7422\" srcset=\"http:\/\/www.tinto.de\/tipps\/wp-content\/uploads\/2019\/09\/Tulpen-3-Fotografie-Canon-EOS-300D-Abends-M42015-Ballerina-010-ausschnitt-400x.jpg 400w, http:\/\/www.tinto.de\/tipps\/wp-content\/uploads\/2019\/09\/Tulpen-3-Fotografie-Canon-EOS-300D-Abends-M42015-Ballerina-010-ausschnitt-400x-212x300.jpg 212w\" sizes=\"(max-width: 400px) 100vw, 400px\" \/><figcaption class=\"wp-element-caption\">Tulpe &#8218;Ballerina&#8216; abends bei Sonne (Gegenlicht im lichtem Schatten durch Strauch dahinter)<\/figcaption><\/figure>\n\n\n\n<h2>Wovon das Aussehen der Bl\u00fcten und die Intensit\u00e4t der Bl\u00fctenfarbe im realen Leben und auf Bildern beeinflusst werden<\/h2>\n\n\n\n<p>Das Aussehen von Pflanzen einschlie\u00dflich der Bl\u00fcten ist nicht nur durch die Sorte vorgegeben, sondern wird auch von den Bodeneigenschaften, Lichtverh\u00e4ltnissen und viele andere Standorteigenschaften sowie auch durch die N\u00e4hrstoff- und Wasserversorgung durch den Menschen gepr\u00e4gt. Allerdings trifft das bei vielen Blumenzwiebeln erst ab dem zweiten Jahr nach der Pflanzung zu, weil sie bekanntlich zu einem guten Teil von den Reserven des Vorjahres, die in der Zwiebel gespeichert sind, leben.<\/p>\n\n\n\n<p>Je nach Jahreszeit (Sonnenstand), ph\u00e4nologischer Jahreszeit (nach Pflanzenentwicklung entsprechend dem tats\u00e4chlichen Wetterverlauf), Tageszeit und Wetter (Bew\u00f6lkung, Niederschlag, Temperatur) k\u00f6nnen Bl\u00fcten au\u00dferdem ge\u00f6ffnet oder geschlossen sein, ihre Farben leuchten oder im Bild verschwinden. Selbst die Umgebung beziehungsweise der Hintergrund wirken sich darauf aus, wie eine Bl\u00fctenfarbe wirkt, welche Details und Changierungen zu erkennen sind und so weiter, denn die beeinflussen das Licht. <\/p>\n\n\n\n<!-- Werbung--->\n<p>\n<span style=\"font-size: x-small;\">Anzeige<\/span><br \/>\n<!-- START ADVERTISER: Pflanzmich.de DE from awin.com -->\n<a rel=\"sponsored\" href=\"https:\/\/www.awin1.com\/cread.php?s=3755641&#038;v=106333&#038;q=502183&#038;r=548507\">\n    <img decoding=\"async\" width=\"300px\" src=\"https:\/\/www.awin1.com\/cshow.php?s=3755641&#038;v=106333&#038;q=502183&#038;r=548507\" border=\"0\">\n<\/a>\n<!-- END ADVERTISER: Pflanzmich.de DE from awin.com -->\n<\/p>\n<br \/>\n\n\n\n<p>Wer Pflanzen im Verlauf ihres Lebens beobachtet, stellt fest, dass sich die Bl\u00fctenfarbe einer Blume auch mit dem Alter ver\u00e4ndert: Eine frisch erbl\u00fchte Blume hat eine andere Farbe als eine, die schon &#8222;gereift&#8220; ist oder gar kurz vor dem Verwelken steht.<\/p>\n\n\n\n<p>Aber selbst wenn alle genannten Variablen gleich w\u00e4ren, sind Bilder und Videos auch je nach Standort der Kamera (H\u00f6he, Winkel zur Sonne oder anderen Lichtquellen) sowie kamera- und kameraprogrammspezifisch verschieden &#8211; die einen wirken k\u00fchler, die anderen w\u00e4rmer, die einen besonders brilliant (scharf, kontrastreich und mit leuchtenden Farben), die anderen flach und langweilig. Und auch das kann bei unterschiedlichem gegebenen Licht auch wieder genau andersherum sein. <\/p>\n\n\n\n<!-- Werbung--->\n<div>\n<span style=\"font-size: small;\">Anzeige<\/span><br \/>\n<!-- START ADVERTISER: Pflanzmich.de DE from awin.com -->\n<a rel=\"sponsored\" href=\"https:\/\/www.awin1.com\/cread.php?s=3755641&#038;v=106333&#038;q=502183&#038;r=548507\">\n    <img decoding=\"async\" width=\"300px\" src=\"https:\/\/www.awin1.com\/cshow.php?s=3755641&#038;v=106333&#038;q=502183&#038;r=548507\" border=\"0\">\n<\/a>\n<!-- END ADVERTISER: Pflanzmich.de DE from awin.com -->\n<\/div>\n<br \/>\n\n\n\n<h2>Online-Shops und Kataloge mit bearbeiteten Bildern<\/h2>\n\n\n\n<p>Nat\u00fcrlich besteht die M\u00f6glichkeit, dass die Farben der Bilder in einem Online-Shop oder in einem Katalog manipuliert sind. Aber inzwischen bin ich bei meinen Blumenzwiebeln (nicht nur bei den Tulpen-\u00dcberraschungseiern von 2012, sondern auch bei vielen anderen Tulpen- und Krokussorten) zu dem Schluss gekommen, dass die Sorten in der Regel doch sortengetreu abgebildet waren &#8211; halt zu einem bestimmten Zeitpunkt ihres Lebens bei bestimmten Bedingungen. Und ich hatte erwartet, dass sie gleich nach dem Aufbl\u00fchen so aussehen. Das ist aber nicht so.<\/p>\n\n\n\n<p>Ich f\u00fcrchte, man muss als Hobbyg\u00e4rtner und G\u00e4rtnerIn bei der Katalog- und bei der Online-Bestellung f\u00fcr eine Beet- oder Pflanzgef\u00e4\u00dfgestaltung eine gewisse Abweichung von der ausgesuchten Farbe einplanen. Besser einsch\u00e4tzen kann man die Bl\u00fctenfarbe nur, wenn man die Sorte vorher in einem Beet oder einem Pflanzgef\u00e4\u00df \u00fcber einen Zeitraum mit unterschiedlichen Lichtverh\u00e4ltnissen hinweg beobachten konnte (und wenn einem das Ged\u00e4chtnis keinen Streich spielt).<\/p>\n\n\n\n<h2>Die falsche Art erhalten<\/h2>\n\n\n\n<p>Wer kann schon alle Gr\u00e4ser im Jugendstadium ohne Bl\u00fctenst\u00e4nde auseinanderhalten? Ich jedenfalls einige nicht, und ein Pflanzenversender, bei dem ich Federborstengr\u00e4ser f\u00fcr mein Staudenbeet bestellt hatte, anscheindend auch nicht. Zwar wunderte ich mich schon beim Auspacken, dass die Laubbl\u00e4tter nicht r\u00f6tlich waren, wie f\u00fcr die bestellte Sorte erwartet, aber das kann ja am zarten Alter des Grases liegen, sagte ich mir und pflanzte sie. Dass man mir eine v\u00f6llig falsche Art geschickt hatte &#8211; n\u00e4mlich Chinaschilf <em>Miscanthus<\/em> statt Federborstengras <em>Pennisetum<\/em> &#8211; fand ich erst viel sp\u00e4ter anhand der Bl\u00fctenst\u00e4nde heraus. Normalerweise h\u00e4tte ich mich wohl sehr ge\u00e4rgert und reklamiert, aber da das Chinaschilf tats\u00e4chlich seit Jahren sehr gut gedeiht und auch dorthin passt, wo ich es gepflanzt habe (wenn auch mit v\u00f6llig anderer Wirkung, als es eine rotlaubige Sorte gehabt h\u00e4tte), habe ich dem Lieferanten seinen Irrtum noch einmal verziehen. Wahrscheinlich hatte jemand die Etiketten vertauscht &#8211; entweder schon bei der Pflanzenvermehrung oder sp\u00e4ter im Verkauf\/Versand.<\/p>\n\n\n\n<figure class=\"wp-block-image\"><img decoding=\"async\" loading=\"lazy\" width=\"420\" height=\"420\" src=\"http:\/\/www.tinto.de\/tipps\/wp-content\/uploads\/2019\/09\/Chinaschilf-blueht-InstagramCapture_f5a59be2-ecd3-42cf-9212-a9d9df1bc150-400q.jpg\" alt=\"\" class=\"wp-image-7423\" srcset=\"http:\/\/www.tinto.de\/tipps\/wp-content\/uploads\/2019\/09\/Chinaschilf-blueht-InstagramCapture_f5a59be2-ecd3-42cf-9212-a9d9df1bc150-400q.jpg 420w, http:\/\/www.tinto.de\/tipps\/wp-content\/uploads\/2019\/09\/Chinaschilf-blueht-InstagramCapture_f5a59be2-ecd3-42cf-9212-a9d9df1bc150-400q-150x150.jpg 150w, http:\/\/www.tinto.de\/tipps\/wp-content\/uploads\/2019\/09\/Chinaschilf-blueht-InstagramCapture_f5a59be2-ecd3-42cf-9212-a9d9df1bc150-400q-300x300.jpg 300w\" sizes=\"(max-width: 420px) 100vw, 420px\" \/><figcaption class=\"wp-element-caption\">Chinaschilf <em>Miscanthus<\/em> statt Federborstengras <em>Pennisetum setaceum<\/em> &#8218;Rubrum&#8216; erhalten. In dem Fall habe ich mich mit dem Irrtum beim G\u00e4rtner oder Versender mental arrangieren k\u00f6nnen.<\/figcaption><\/figure>\n\n\n\n<h2>Rose &#8218;Lavender Dream&#8216; mit vielen Gesichtern<\/h2>\n\n\n\n<p>Da ich unter anderem Dauerbepflanzungen von Pflanzgef\u00e4\u00dfen mit Gr\u00e4sern, Stauden, Rosen und anderen Geh\u00f6lzen ausprobiere, hatte ich mir 2012 eine Bodendeckerrose &#8218;Lavender Dream&#8216; f\u00fcr einen K\u00fcbel bestellt. In meiner Vorstellung sollte sie ihre mit lavendelfarbenen Bl\u00fcten besetzen Triebe wie verwildert kreuz und quer aus dem Topf strecken. Ein bl\u00e4uliches Rosa (&#8222;lavender&#8220;) war mir wichtig, weil sie vor einem Schmetterlingsflieder der Sorte &#8222;Black Knight&#8220; stehen w\u00fcrde, der ebenfalls in einem K\u00fcbel wachsen sollte. <\/p>\n\n\n\n<p>Die erste Bl\u00fcte der Rose entfaltete sich, Freude, nur war sie nicht lavendelfarben &#8211; zugegebenerma\u00dfen ansonsten niedlich und die Rosentriebe machten, was sie sollten, aber eben mit pink-rosafarbenen Bl\u00fcten. Auch h\u00e4tte sie wohl lieber einen Platz mit weniger Hitze und Lufttrockenheit als auf unserem s\u00fcdseitigen Tiefgaragendach gehabt, denn die einzelnen Bl\u00fcten verbl\u00fchten in Sch\u00f6nwetterphasen extrem schnell und es wurden dann im jeweiligen Sommer auch kaum noch neue Bl\u00fcten gebildet. Trotzdem mochte ich sie mit der Zeit und fand es schade, als sie nach sechs Jahren einging (vermutlich dank <a aria-label=\"Dickmaulr\u00fcsslerlarven (\u00f6ffnet in neuem Tab)\" href=\"http:\/\/www.gartenprobleme.de\/Dickmaulrussler_im_Garten_und_\/dickmaulrussler_im_garten_und_.html\" target=\"_blank\" rel=\"noreferrer noopener\">Dickmaulr\u00fcsslerlarven<\/a> ). Da ich mich an sie gew\u00f6hnt hatte und keine andere, mehr lavendelfarbene Rose mit \u00e4hnlichen Wuchseigenschaften finden konnte, habe ich die gleiche Sorte noch einmal bestellt, dieses Mal bei einem anderen Anbieter, weil es den alten nicht mehr gab. <\/p>\n\n\n\n<!-- Werbung--->\n<div>\n<span style=\"font-size: small;\">Anzeige<\/span><br \/>\n<!-- START ADVERTISER: Pflanzmich.de DE from awin.com -->\n<a rel=\"sponsored\" href=\"https:\/\/www.awin1.com\/cread.php?s=3755641&#038;v=106333&#038;q=502183&#038;r=548507\">\n    <img decoding=\"async\" width=\"300px\" src=\"https:\/\/www.awin1.com\/cshow.php?s=3755641&#038;v=106333&#038;q=502183&#038;r=548507\" border=\"0\">\n<\/a>\n<!-- END ADVERTISER: Pflanzmich.de DE from awin.com -->\n<\/div>\n<br \/>\n\n\n\n<p>Die Bl\u00fcten der neuen Rose der gleichen Sorte schienen mir zun\u00e4chst noch weniger lavendelfarben, daf\u00fcr aber sind die Bl\u00fcten hitzebest\u00e4ndiger und somit dauert die Bl\u00fctezeit schon einige Zeit an.<\/p>\n\n\n\n<p>Beim Durchschauen meiner Bilder (nach erstem und zweiten Kauf der Rose &#8218;Lavender Dream&#8216;) ist mir aufgefallen, dass nicht nur die Bl\u00fcten an einer Pflanze dieser Rosensorte sehr variieren, sondern dass sie auch von Jahr zu Jahr anders sind &#8211; was ich auf den Ern\u00e4hrungszustand zur\u00fcckf\u00fchre. Beim ersten Mal hatte ich die Rose bereits im Herbst gekauft und gepflanzt, so dass sie zur Bl\u00fctezeit gut angewachsen und ern\u00e4hrt war. Die neue Rose habe ich im Fr\u00fchjahr 2019 gekauft und zu lange im Liefertopf stehen lassen, bevor ich sie in einen K\u00fcbel gepflanzt und ged\u00fcngt habe &#8211; ihre Bl\u00fcten waren zun\u00e4chst heller und wurden sp\u00e4ter (nach der D\u00fcngung) dunkler als die erste Rose. Das sind aber nur Beobachtungen an einzelnen Pflanzen, keine belastbaren Versuchsergebnisse und auch nur meine Schlussfolgerungen sind nur Vermutungen.<\/p>\n\n\n\n<p>Bei den folgenden Fotos bzw. Bildausschnitten wurde nur die Gr\u00f6\u00dfe bearbeitet, sonst nichts (nicht editiert).<\/p>\n\n\n\n<figure class=\"wp-block-image\"><img decoding=\"async\" loading=\"lazy\" width=\"400\" height=\"600\" src=\"http:\/\/www.tinto.de\/tipps\/wp-content\/uploads\/2019\/09\/Rose-Lavender-Dream-Foto-1-spaeter-vormittag-M62013-Canon-EOS-300D-046.jpg\" alt=\"\" class=\"wp-image-7424\" srcset=\"http:\/\/www.tinto.de\/tipps\/wp-content\/uploads\/2019\/09\/Rose-Lavender-Dream-Foto-1-spaeter-vormittag-M62013-Canon-EOS-300D-046.jpg 400w, http:\/\/www.tinto.de\/tipps\/wp-content\/uploads\/2019\/09\/Rose-Lavender-Dream-Foto-1-spaeter-vormittag-M62013-Canon-EOS-300D-046-200x300.jpg 200w\" sizes=\"(max-width: 400px) 100vw, 400px\" \/><figcaption class=\"wp-element-caption\">Rose &#8218;Lavender Dream&#8216;, gepflanzt im Herbst 2012, Aufnahme Mitte Juni 2013 mit Canon EOS 300D Digital sp\u00e4t vormittags bei diesiger Sonne <\/figcaption><\/figure>\n\n\n\n<figure class=\"wp-block-image\"><img decoding=\"async\" loading=\"lazy\" width=\"400\" height=\"376\" src=\"http:\/\/www.tinto.de\/tipps\/wp-content\/uploads\/2019\/09\/Rose-Lavender-Dream-Foto-2-weglassen-morgens-A62019-IMG_2807-400x.jpg\" alt=\"\" class=\"wp-image-7425\" srcset=\"http:\/\/www.tinto.de\/tipps\/wp-content\/uploads\/2019\/09\/Rose-Lavender-Dream-Foto-2-weglassen-morgens-A62019-IMG_2807-400x.jpg 400w, http:\/\/www.tinto.de\/tipps\/wp-content\/uploads\/2019\/09\/Rose-Lavender-Dream-Foto-2-weglassen-morgens-A62019-IMG_2807-400x-300x282.jpg 300w\" sizes=\"(max-width: 400px) 100vw, 400px\" \/><figcaption class=\"wp-element-caption\">Rose &#8218;Lavender Dream&#8216;, gepflanzt im Fr\u00fchjahr 2019, Aufnahme Anfang Juni 2019 mit iPhone XS Max morgens ohne Sonne: Die Bl\u00fcten wirken dunkler und sind bl\u00e4ulich, weil die eingebaute Kamera bei diesem Licht oft leicht bl\u00e4uliche Bilder erstellt.<\/figcaption><\/figure>\n\n\n\n<figure class=\"wp-block-image\"><img decoding=\"async\" loading=\"lazy\" width=\"400\" height=\"372\" src=\"http:\/\/www.tinto.de\/tipps\/wp-content\/uploads\/2019\/09\/Rose-Lavender-Dream-Foto-3-vormittags-A72019-iphone-XS-max-IMG_2845-400x.jpg\" alt=\"\" class=\"wp-image-7426\" srcset=\"http:\/\/www.tinto.de\/tipps\/wp-content\/uploads\/2019\/09\/Rose-Lavender-Dream-Foto-3-vormittags-A72019-iphone-XS-max-IMG_2845-400x.jpg 400w, http:\/\/www.tinto.de\/tipps\/wp-content\/uploads\/2019\/09\/Rose-Lavender-Dream-Foto-3-vormittags-A72019-iphone-XS-max-IMG_2845-400x-300x279.jpg 300w\" sizes=\"(max-width: 400px) 100vw, 400px\" \/><figcaption class=\"wp-element-caption\">Rose &#8218;Lavender Dream&#8216;, gepflanzt im Fr\u00fchjahr 2019, Aufnahme Anfang Juni 2019 mit iPhone XS Max vormittags bei Sonne<\/figcaption><\/figure>\n\n\n\n<figure class=\"wp-block-image\"><img decoding=\"async\" loading=\"lazy\" width=\"400\" height=\"408\" src=\"http:\/\/www.tinto.de\/tipps\/wp-content\/uploads\/2019\/09\/Rose-Lavender-Dream-Foto-4-Vormittags-E72019-iphone-XS-MAX-IMG_2978-400x.jpg\" alt=\"\" class=\"wp-image-7427\" srcset=\"http:\/\/www.tinto.de\/tipps\/wp-content\/uploads\/2019\/09\/Rose-Lavender-Dream-Foto-4-Vormittags-E72019-iphone-XS-MAX-IMG_2978-400x.jpg 400w, http:\/\/www.tinto.de\/tipps\/wp-content\/uploads\/2019\/09\/Rose-Lavender-Dream-Foto-4-Vormittags-E72019-iphone-XS-MAX-IMG_2978-400x-294x300.jpg 294w\" sizes=\"(max-width: 400px) 100vw, 400px\" \/><figcaption class=\"wp-element-caption\">Rose &#8218;Lavender Dream&#8216;, gepflanzt im Fr\u00fchjahr 2019, Aufnahme am Vormittag mit Sonne Ende Juli 2019 mit iPhone XS Max<\/figcaption><\/figure>\n\n\n\n<p>Die Farbe Lavendel kann man sich bei der Rose &#8218;Lavender Dream&#8216; am ehesten bei schwachem Ern\u00e4hrungszustand der Pflanze und fr\u00fch am Morgen bei bew\u00f6lktem Himmel einbilden (vielleicht auch am Abend nach dem Genuss von viel Alkohol oder anderer Drogen?).<\/p>\n\n\n\n<span style=\"font-size: small;\">Anzeige<\/span><br>\n\n<!-- START ADVERTISER: Leitermann DE from awin.com -->\n\n<a rel=\"sponsored\" href=\"https:\/\/www.awin1.com\/cread.php?s=2623326&amp;v=13703&amp;q=367470&amp;r=548507\">\n    <img decoding=\"async\" src=\"https:\/\/www.awin1.com\/cshow.php?s=2623326&amp;v=13703&amp;q=367470&amp;r=548507\" border=\"0\">\n<\/a>\n\n<!-- END ADVERTISER: Leitermann DE from awin.com -->\n\n\n\n<h2>Noch mehr Variationen bei meinem Purpur-Sonnenhut<\/h2>\n\n\n\n<p>Unterschiede von Pflanzen der gleichen Sorte habe ich auch bei meinem Purpur-Sonnenhut (auch Roter Scheinsonnenhut genannt) <em>Echinacea purpurea<\/em> beobachtet. <\/p>\n\n\n\n<p>Aus den drei Jungpflanzen der Sorte &#8218;Magnus&#8216;, die ich im Herbst 2012 bestellt und in ein Beet gepflanzt hatte, wurden drei recht unterschiedliche Pflanzen (verschieden hoch mit unterschiedlichen Bl\u00fcten, obwohl vom gleichen Lieferanten). Allerdings \u00e4hneln sie alle drei mehr oder weniger den Fotos von &#8218;Magnum&#8216; auf der Verk\u00e4ufer- sowie anderen Websites &#8211; jedenfalls mehr als anderen Sorten. <\/p>\n\n\n\n<p>Ein paar Jahre sp\u00e4ter haben sich dann aus Samen dieser Pflanzen Jungpflanzen entwickelt &#8211; auch im Schatten unter einer sehr starken Rose und diese Pflanzen sehen noch mal anders aus: etwas kleiner als die niedrigste der urspr\u00fcnglichen drei und mit wesentlich blasserer Bl\u00fctenfarbe (vermutlich wegen Lichtmangel). <\/p>\n\n\n\n<p>Auch die Purpur-Sonnenhutsorte &#8222;Baby Swan&#8220;, die ich 2012 mit der Prachtscharte Liatris in einen K\u00fcbel gepflanzt habe, war zun\u00e4chst zwar niedriger als beispielsweise die gro\u00dfe und die mittlere Variante meiner drei &#8218;Magnus&#8216;-Pflanzen, aber doch relativ kr\u00e4ftig mit mittelgro\u00dfen Bl\u00fcten. Im Laufe der Jahre wurde &#8218;Baby Swan&#8216; in dem Topf, den sie mit Prachtscharten <em>Liatris<\/em> teilte, mehr und mehr von der Nahrungs- und Wasserkonkurrenz unterdr\u00fcckt (vor allem seit 2018) und ist nun im siebten Jahr nach der Pflanzung winzig mit winzigen Bl\u00fcten &#8211; ein Purpur-Sonnenhut-Bonsai (sie h\u00e4tte schon vor drei bis f\u00fcnf Jahren umgepflanzt werden m\u00fcssen, aber das habe ich zugunsten des Experimentes unterlassen). <\/p>\n\n\n\n<figure class=\"wp-block-image\"><img decoding=\"async\" loading=\"lazy\" width=\"400\" height=\"600\" src=\"http:\/\/www.tinto.de\/tipps\/wp-content\/uploads\/2019\/09\/Stauden-Topfgarten-Echinacea-Baby-Swan-White-Sommer-2013-nach-Herbstpflanzung-2012-Foto-1a-021-400x.jpg\" alt=\"\" class=\"wp-image-7444\" srcset=\"http:\/\/www.tinto.de\/tipps\/wp-content\/uploads\/2019\/09\/Stauden-Topfgarten-Echinacea-Baby-Swan-White-Sommer-2013-nach-Herbstpflanzung-2012-Foto-1a-021-400x.jpg 400w, http:\/\/www.tinto.de\/tipps\/wp-content\/uploads\/2019\/09\/Stauden-Topfgarten-Echinacea-Baby-Swan-White-Sommer-2013-nach-Herbstpflanzung-2012-Foto-1a-021-400x-200x300.jpg 200w\" sizes=\"(max-width: 400px) 100vw, 400px\" \/><figcaption class=\"wp-element-caption\">Im Sommer 2013 nach der Herbstpflanzung 2012 hatten Purpur-Sonnenhut <em>Echinacea purpurea<\/em> &#8218;Baby Swan&#8216; (wei\u00dfe Korbbl\u00fcten) und die Prachtscharte<em> Liatris<\/em> (wei\u00dfer fedriger Bl\u00fctenstand, noch recht unscheinbar) kein Problem damit, sich einen Terrakottak\u00fcbel zu teilen. Das hielt bis 2016 an, obwohl der K\u00fcbel eher klein ist.<\/figcaption><\/figure>\n\n\n\n<figure class=\"wp-block-image\"><img decoding=\"async\" loading=\"lazy\" width=\"400\" height=\"710\" src=\"http:\/\/www.tinto.de\/tipps\/wp-content\/uploads\/2019\/09\/Stauden-Topfgarten-Echinacea-Baby-Swan-White-Sommer-2017-nach-Herbstpflanzung-2012-Foto-2-WP_-20170722_08_26_15_Pro-400x.jpg\" alt=\"\" class=\"wp-image-7443\" srcset=\"http:\/\/www.tinto.de\/tipps\/wp-content\/uploads\/2019\/09\/Stauden-Topfgarten-Echinacea-Baby-Swan-White-Sommer-2017-nach-Herbstpflanzung-2012-Foto-2-WP_-20170722_08_26_15_Pro-400x.jpg 400w, http:\/\/www.tinto.de\/tipps\/wp-content\/uploads\/2019\/09\/Stauden-Topfgarten-Echinacea-Baby-Swan-White-Sommer-2017-nach-Herbstpflanzung-2012-Foto-2-WP_-20170722_08_26_15_Pro-400x-169x300.jpg 169w\" sizes=\"(max-width: 400px) 100vw, 400px\" \/><figcaption class=\"wp-element-caption\">2017 begann die Dominanz der Prachtscharte. Die <em>Echinacea<\/em> hat kaum noch Platz und entsprechend wenig Laub. <\/figcaption><\/figure>\n\n\n\n<figure class=\"wp-block-image\"><img decoding=\"async\" loading=\"lazy\" width=\"400\" height=\"533\" src=\"http:\/\/www.tinto.de\/tipps\/wp-content\/uploads\/2019\/09\/Topfgarten-Purpursonnenhut-Echinacea-Baby-Swan-nach-7-Jahren-Unterdrueckung-durch-Liatris-gleicher-Topf-IMG_3571-bearb-400x.jpg\" alt=\"\" class=\"wp-image-7441\" srcset=\"http:\/\/www.tinto.de\/tipps\/wp-content\/uploads\/2019\/09\/Topfgarten-Purpursonnenhut-Echinacea-Baby-Swan-nach-7-Jahren-Unterdrueckung-durch-Liatris-gleicher-Topf-IMG_3571-bearb-400x.jpg 400w, http:\/\/www.tinto.de\/tipps\/wp-content\/uploads\/2019\/09\/Topfgarten-Purpursonnenhut-Echinacea-Baby-Swan-nach-7-Jahren-Unterdrueckung-durch-Liatris-gleicher-Topf-IMG_3571-bearb-400x-225x300.jpg 225w\" sizes=\"(max-width: 400px) 100vw, 400px\" \/><figcaption class=\"wp-element-caption\">Nach sieben Jahren Wohngemeinschaft im Topf mit <em>Liatris<\/em> ist der Purpur-Sonnenhut &#8218;Baby Swan&#8216; (wei\u00dfe Sorte) 2019 nur noch ein &#8222;Bonsai&#8220;.<\/figcaption><\/figure>\n\n\n\n<p>Einen Purpursonnenhut &#8222;Baby Swan&#8220;, den ich erst im Fr\u00fchjahr 2019 f\u00fcr einen anderen K\u00fcbel aus Glasfaser verst\u00e4rktem Kunststoff bestellt habe, ist inzwischen viel gr\u00f6\u00dfer als der alte jemals war, und seine erste Bl\u00fcte ebenfalls. Apropos: Ich bin sehr gespannt, als <a aria-label=\"wie frosthart sich das spezielle Pflanzgef\u00e4\u00df (\u00f6ffnet in neuem Tab)\" href=\"http:\/\/www.tinto.de\/tipps\/winterfeste-frostsichere-pflanzgefaesse\/\" target=\"_blank\" rel=\"noreferrer noopener\">wie frosthart sich das  Pflanzgef\u00e4\u00df aus Glasfaser-Verbundmaterial<\/a> sowie die Pflanzen darin im n\u00e4chsten Winter erweisen werden.<\/p>\n\n\n\n<figure class=\"wp-block-image\"><img decoding=\"async\" loading=\"lazy\" width=\"400\" height=\"431\" src=\"http:\/\/www.tinto.de\/tipps\/wp-content\/uploads\/2019\/09\/Topfgarten-Echinacea-purpurea-Baby-Swan-riesig-Lavandel-Buddleia-IMG_2842-400x.jpg\" alt=\"\" class=\"wp-image-7442\" srcset=\"http:\/\/www.tinto.de\/tipps\/wp-content\/uploads\/2019\/09\/Topfgarten-Echinacea-purpurea-Baby-Swan-riesig-Lavandel-Buddleia-IMG_2842-400x.jpg 400w, http:\/\/www.tinto.de\/tipps\/wp-content\/uploads\/2019\/09\/Topfgarten-Echinacea-purpurea-Baby-Swan-riesig-Lavandel-Buddleia-IMG_2842-400x-278x300.jpg 278w\" sizes=\"(max-width: 400px) 100vw, 400px\" \/><figcaption class=\"wp-element-caption\">Purpur-Sonnenhut <em>Echinacea purpurea<\/em> &#8218;Baby Swan&#8216; (wei\u00dfe Sorte) im Sommer 2019, gepflanzt im Fr\u00fchjahr 2019: Die Pflanze ist kr\u00e4ftig, obwohl sie vermutlich ein Ern\u00e4hrungs-\/pH-Wert-Problem hatte (scheint sich inzwischen zu verwachsen). Die erste Bl\u00fcte im Sommer nach der Fr\u00fchjahrspflanzung war riesig, siehe Bild. BTW: Hier teste ich <a aria-label=\"Esteras-Pflanzenk\u00fcbel (\u00f6ffnet in neuem Tab)\" href=\"https:\/\/amzn.to\/2LgnTSW\" target=\"_blank\" rel=\"noreferrer noopener\">Esteras-Pflanzk\u00fcbel<\/a>* aus leichtem Glasfaser-Verbundmaterial im Vergleich zu meinen verschiedenen Terrakotta-Gef\u00e4\u00dfen. Im gr\u00f6\u00dferen Topf dahinter w\u00e4chst \u00fcbrigens ein Schmetterlingsflieder mit Lavendel als Unterpflanzung.<\/figcaption><\/figure>\n\n\n\n<h2>Die falsche Sorte wurde geliefert<\/h2>\n\n\n\n<p>Das &#8222;Problem&#8220;, dass man (scheinbar oder wirklich) die falsche Sorte oder gar Art erhalten hat, endet nicht bei den mehrj\u00e4hrigen dekorativen Pflanzen, auch bei Gem\u00fcse und Kr\u00e4utern kann es passieren. So hatte ich vor ein paar Jahren eine Auberginen-Jungpflanze, die v\u00f6llig anders aussah, als die, die auf dem Etikett abgebildet war &#8211; viel exotischer; mit ihren sattvioletten Bl\u00fcten und dunklen Trieben war sie eine Sch\u00f6nheit. Leider konnte ich die wahre Sorte im Nachhinein nicht ganz eindeutig bestimmen. <\/p>\n\n\n\n<figure class=\"wp-block-image\"><img decoding=\"async\" loading=\"lazy\" width=\"400\" height=\"600\" src=\"http:\/\/www.tinto.de\/tipps\/wp-content\/uploads\/2019\/09\/Topfgarten-Giesskanne-Kuebel-Aubergine-Kapuzinerkresse-043-400x.jpg\" alt=\"\" class=\"wp-image-7440\" srcset=\"http:\/\/www.tinto.de\/tipps\/wp-content\/uploads\/2019\/09\/Topfgarten-Giesskanne-Kuebel-Aubergine-Kapuzinerkresse-043-400x.jpg 400w, http:\/\/www.tinto.de\/tipps\/wp-content\/uploads\/2019\/09\/Topfgarten-Giesskanne-Kuebel-Aubergine-Kapuzinerkresse-043-400x-200x300.jpg 200w\" sizes=\"(max-width: 400px) 100vw, 400px\" \/><figcaption class=\"wp-element-caption\">Diese Auberginenpflanze war als &#8218;Carmen&#8216; etikettiert. Ich r\u00e4tsle bis heute, wie die Sorte wirklich hie\u00df, denn ich war begeistert und w\u00fcrde sie gerne wieder anbauen (Foto von 2013: <a aria-label=\"\u00dcberraschungs-Jungpflanzen von Dehner (\u00f6ffnet in neuem Tab)\" href=\"https:\/\/verbrauchermeinung.blogspot.com\/2013\/08\/jungpflanzen-gartencenter.html\" target=\"_blank\" rel=\"noreferrer noopener\">\u00dcberraschungs-Jungpflanzen von Dehner<\/a>)<\/figcaption><\/figure>\n\n\n\n<p>F\u00fcr die <a aria-label=\"Gartensaison (\u00f6ffnet in neuem Tab)\" href=\"http:\/\/www.gartensaison.de\" target=\"_blank\" rel=\"noreferrer noopener\">Gartensaison<\/a> 2019 hatte ich eine Chili-Sorte &#8222;Zitronen-Chili&#8220; als Jungpflanzen bestellt &#8211; die Sorte sollte gelbe, h\u00e4ngende Fr\u00fcchte bekommen. Doch nun steht sie hier mit nach oben gereckten Fr\u00fcchten, gr\u00fcn mit einem Hauch von Dunkel, das sich vielleicht noch zu Rot wandelt. (Aber da die Topftomate mit den schwarzen Mini-Tomatenfr\u00fcchten, neben die ich die Pflanze mit den gelben Chilifr\u00fcchten stellen wollte, schon fast am Ende ihres Lebens angekommen ist (dank Hitze, Hagel und so weiter), kommt es auf die Farbe und Sorte nicht mehr wirklich an und ich werde nicht reklamieren.<\/p>\n\n\n\n<figure class=\"wp-block-image\"><img decoding=\"async\" loading=\"lazy\" width=\"400\" height=\"533\" src=\"http:\/\/www.tinto.de\/tipps\/wp-content\/uploads\/2019\/09\/Topfgarten-Chili-falscher-Zitronenchili-Sorte-unbekannt-IMG_3093-400x.jpg\" alt=\"\" class=\"wp-image-7436\" srcset=\"http:\/\/www.tinto.de\/tipps\/wp-content\/uploads\/2019\/09\/Topfgarten-Chili-falscher-Zitronenchili-Sorte-unbekannt-IMG_3093-400x.jpg 400w, http:\/\/www.tinto.de\/tipps\/wp-content\/uploads\/2019\/09\/Topfgarten-Chili-falscher-Zitronenchili-Sorte-unbekannt-IMG_3093-400x-225x300.jpg 225w\" sizes=\"(max-width: 400px) 100vw, 400px\" \/><figcaption class=\"wp-element-caption\">Bestellt hatte ich &#8218;Zitronen-Chili&#8216;. Das Bild im Online-Pflanzenshop hatte mich mit h\u00e4ngenden, gelb abreifenden Chili-Fr\u00fcchten auf diese Sorte neugierig gemacht.<\/figcaption><\/figure>\n\n\n\n<p>Statt dessen werde ich den Winter nutzen und versuchen, den wirklichen Sortennamen herauszufinden. Nach dem Motto: Was habe ich da eigentlich letztes Jahr gehegt, gepflegt, bewundert und gegessen?<\/p>\n\n\n\n<p><strong>Nachtrag am 15.9.2019<\/strong><br>Ich habe mich geirrt: Es ist doch ein Zitronenchili &#8211; die Fr\u00fcchte haben sich noch gelb gef\u00e4rbt und mit der Schwerkraft gesenkt. Hier ein Bild als Beweis:<\/p>\n\n\n\n<p> <\/p>\n\n\n\n<figure class=\"wp-block-image\"><img decoding=\"async\" loading=\"lazy\" width=\"400\" height=\"533\" src=\"http:\/\/www.tinto.de\/tipps\/wp-content\/uploads\/2019\/09\/Topfgarten-Chili-Zitronenchili-IMG_3631-400x.jpg\" alt=\"\" class=\"wp-image-7471\" srcset=\"http:\/\/www.tinto.de\/tipps\/wp-content\/uploads\/2019\/09\/Topfgarten-Chili-Zitronenchili-IMG_3631-400x.jpg 400w, http:\/\/www.tinto.de\/tipps\/wp-content\/uploads\/2019\/09\/Topfgarten-Chili-Zitronenchili-IMG_3631-400x-225x300.jpg 225w\" sizes=\"(max-width: 400px) 100vw, 400px\" \/><figcaption class=\"wp-element-caption\">Erst Mitte September f\u00e4rbten sich die Chilischoten des &#8218;Zitronen-Chili&#8216; gelb und  senkten sich teilweise ab.<\/figcaption><\/figure>\n\n\n\n<!-- Werbung--->\n<div>\n<span style=\"font-size: small;\">Anzeige<\/span><br \/>\n<!-- START ADVERTISER: GartenHaus GmbH (DE) from awin.com -->\n<a rel=\"sponsored\" href=\"https:\/\/www.awin1.com\/cread.php?s=2934123&#038;v=22747&#038;q=417922&#038;r=548507\">\n    <img decoding=\"async\" src=\"https:\/\/www.awin1.com\/cshow.php?s=2934123&#038;v=22747&#038;q=417922&#038;r=548507\" border=\"0\">\n<\/a>\n<!-- END ADVERTISER: GartenHaus GmbH (DE) from awin.com -->\n<\/div>\n<br \/>\n\n\n\n<h2>Was man daraus mitnehmen kann:<\/h2>\n\n\n\n<p>Pflanzen sind anpassungsf\u00e4hig und ihre Wuchseigenschaften und Bl\u00fctenfarben k\u00f6nnen an verschiedenen Standorten unterschiedlich sein. Manchmal hat man als K\u00e4ufer aber auch die falschen Erwartungen &#8211; besonders wenn man nur ein einziges Katalog- oder Online-Bild als Grundlage der Kaufentscheidung hat. Online-Shops sollten m\u00f6glichst mehrere Bilder, die bei unterschiedlichem Wetter, Standortbedingungen und so weiter aufgenommen wurden, zu den Produkten stellen und diese Bilder nach M\u00f6glichkeit nicht bearbeiten oder wenn, dann nur um das nicht Sortentypische zu d\u00e4mpfen (und nicht, um gew\u00fcnscht Sortentypisches zu betonen und vorzut\u00e4uschen). <\/p>\n\n\n\n<p>Am sichersten f\u00e4hrt man als VerbraucherIn, wenn man sich eine G\u00e4rtnerei oder Baumschule des Vertrauens und mit Musteranpflanzungen in der Region sucht, wo man sich die Sorten live und sogar \u00fcber einen Zeitraum hinweg anschauen kann. Letzteres kann man auch in Sichtungsg\u00e4rten, beispielsweise in den <a aria-label=\"Weihenstephaner G\u00e4rten (\u00f6ffnet in neuem Tab)\" href=\"https:\/\/www.hswt.de\/weihenstephaner-gaerten.html\" target=\"_blank\" rel=\"noreferrer noopener nofollow\">Weihenstephaner G\u00e4rten<\/a>, auf Gartenschauen und an Tagen der Offenen Gartent\u00fcr. <\/p>\n\n\n\n<p>Manchmal geschehen jedoch auch Irrt\u00fcmer und Verwechslungen beim Pflanzenversender. Das Problem ist, dass man diese oft erst viele Monate nach dem Kauf feststellt. Reklamieren w\u00fcrde ich pers\u00f6nlich als Hobbyg\u00e4rtnerin nur, wenn die Pflanzung durch die falsche Sorte &#8222;optisch v\u00f6llig zerst\u00f6rt&#8220; wird. Bei Bestellungen und Pflanzungen f\u00fcr Auftraggeber, m\u00fcssten Gartengestalter\/GaLaBauer nat\u00fcrlich wesentlich strenger vorgehen, vor allem, wenn diese ihrerseits Anspr\u00fcche stellen. Rechtlich hei\u00dft so eine Falschlieferung &#8222;Sachmangel&#8220;. Der K\u00e4ufer hat in der Regel Anspruch, die richtige Ware kostenlos innerhalb einer angemessenen Frist vom Verk\u00e4ufer geliefert zu bekommen***.<\/p>\n\n\n\n<p><strong>Buchtipp<\/strong><\/p>\n<\/p><div style=\"float: left; margin: 10px;\"><a href=\"https:\/\/www.amazon.de\/G%C3%A4rtnern-T%C3%B6pfen-Terrasse-Pflanzen-gestalten\/dp\/3818606358\/ref=as_li_ss_il?ie=UTF8&amp;qid=1546006981&amp;sr=8-1&amp;keywords=G%C3%A4rtnern+in+T%C3%B6pfen&amp;linkCode=li3&amp;tag=tipsntopicvoneva&amp;linkId=c6ba96ce75303b49fc86e1dc7108ab09&amp;language=de_DE\" title=\"Buch bei Amazon.de - Werbelink\" rel=\"noopener\"><img decoding=\"async\" src=\"http:\/\/www.tinto.de\/Buchcover-Topfgarten-Gaertnern-in-Topfen-Klappbroschur-vorne-IMG_0882-cr-120x.jpg\" border=\"0\"><\/a><\/div>\n<p><a href=\"https:\/\/amzn.to\/2AgRB43\" target=\"_blank\" rel=\"noopener\">G\u00e4rtnern in T\u00f6pfen:<\/a>*<br>\n<a href=\"https:\/\/amzn.to\/2AgRB43\" title=\"Buch bei Amazon.de - Werbelink\" rel=\"noopener\">Balkon und Terrasse mit Pflanzen gestalten<\/a>*<br>\nEva Schumann<br>\nVerlag Eugen Ulmer, Stuttgart, 1. Auflage (2019)<br>\nTaschenbuch\/Klappenbroschur, 128 S.,<br>\n86 Farbfotos, 3 Farbzeichungen, 17 Tabellen<br>\nISBN 3-8186-0635-8<\/p><br>\n<p>* Werbelink \/ Partnerlink \/ Affiliate-Link\n<br \/>* Als Amazon-Partner verdiene ich an qualifizierten Verk\u00e4ufen, die \u00fcber einen Werbe-Link zu Amazon zustande kommen, unter Umst\u00e4nden eine Provision\/Werbekostenerstattung.\n   <\/p>\n<p>*** Keine Rechtsauskunft, Angabe ohne Gew\u00e4hr.<\/p>\n\n\n\n<!-- Werbung--->\n<p>\n<span style=\"font-size: small;\">Anzeige<\/span><br \/>\n<!-- START ADVERTISER: BALDUR-Garten DE from awin.com -->\n<a href=\"https:\/\/www.awin1.com\/cread.php?s=2418901&#038;v=13634&#038;q=366414&#038;r=548507\">\n    <img decoding=\"async\" src=\"https:\/\/www.awin1.com\/cshow.php?s=2418901&#038;v=13634&#038;q=366414&#038;r=548507\" border=\"0\">\n<\/a>\n<!-- END ADVERTISER: BALDUR-Garten DE from awin.com -->\n<\/p>\n<br \/>\n","protected":false},"excerpt":{"rendered":"<p>Manchmal bekommt man nicht die Pflanzen, die man bestellt hat. Aber manchmal glaubt man auch nur, dass das falsche geliefert wurde. Von Irrt\u00fcmern bei Blumenzwiebeln (falsche Farbe), Rosen (andere Eigenschaften), Gr\u00e4sern (falsche Art), Purpur-Sonnenhut, Auberginen- und Chilisorten. <a href=\"http:\/\/www.tinto.de\/tipps\/fake-pflanzenbilder-in-online-shops-und-katalogen-tulpen-stauden-geholze-gemusesorten-nicht-wie-bestellt\/\">Weiterlesen <span class=\"meta-nav\">&rarr;<\/span><\/a><\/p>\n","protected":false},"author":1,"featured_media":7429,"comment_status":"closed","ping_status":"closed","sticky":false,"template":"","format":"standard","meta":[],"categories":[5,386,58],"tags":[191,1016,1021,1019,1017,1015,433,1023,839,198,201,1022],"_links":{"self":[{"href":"http:\/\/www.tinto.de\/tipps\/wp-json\/wp\/v2\/posts\/7418"}],"collection":[{"href":"http:\/\/www.tinto.de\/tipps\/wp-json\/wp\/v2\/posts"}],"about":[{"href":"http:\/\/www.tinto.de\/tipps\/wp-json\/wp\/v2\/types\/post"}],"author":[{"embeddable":true,"href":"http:\/\/www.tinto.de\/tipps\/wp-json\/wp\/v2\/users\/1"}],"replies":[{"embeddable":true,"href":"http:\/\/www.tinto.de\/tipps\/wp-json\/wp\/v2\/comments?post=7418"}],"version-history":[{"count":38,"href":"http:\/\/www.tinto.de\/tipps\/wp-json\/wp\/v2\/posts\/7418\/revisions"}],"predecessor-version":[{"id":14357,"href":"http:\/\/www.tinto.de\/tipps\/wp-json\/wp\/v2\/posts\/7418\/revisions\/14357"}],"wp:featuredmedia":[{"embeddable":true,"href":"http:\/\/www.tinto.de\/tipps\/wp-json\/wp\/v2\/media\/7429"}],"wp:attachment":[{"href":"http:\/\/www.tinto.de\/tipps\/wp-json\/wp\/v2\/media?parent=7418"}],"wp:term":[{"taxonomy":"category","embeddable":true,"href":"http:\/\/www.tinto.de\/tipps\/wp-json\/wp\/v2\/categories?post=7418"},{"taxonomy":"post_tag","embeddable":true,"href":"http:\/\/www.tinto.de\/tipps\/wp-json\/wp\/v2\/tags?post=7418"}],"curies":[{"name":"wp","href":"https:\/\/api.w.org\/{rel}","templated":true}]}}